{"id":200,"date":"2024-11-10T10:05:23","date_gmt":"2024-11-10T09:05:23","guid":{"rendered":"https:\/\/boissenin.net\/?p=200"},"modified":"2024-11-14T10:06:18","modified_gmt":"2024-11-14T09:06:18","slug":"voyage-temporel","status":"publish","type":"post","link":"https:\/\/boissenin.net\/index.php\/2024\/11\/10\/voyage-temporel\/","title":{"rendered":"Voyage temporel"},"content":{"rendered":"\n<p><\/p>\n\n\n\n<p>Pour prolonger une id\u00e9e issue d&#8217;une conversation entre Bernardo Kastrup, Frederico Faggin et d&#8217;autres [Adventures in Awareness]. Envisageons une entit\u00e9 dou\u00e9e d&#8217;une certaine forme d&#8217;ubiquit\u00e9 et de capacit\u00e9 \u00e0 voyager dans le temps : sa m\u00e9moire n&#8217;a pas \u00e9t\u00e9 mise en contact avec des contenus post\u00e9rieurs \u00e0 la date \u00e0 laquelle elle est envoy\u00e9e en exploration. Gr\u00e2ce a sa capacit\u00e9 d&#8217;ubiquit\u00e9 elle peut suivre plusieurs lignes de temps parall\u00e8les : une conf\u00e9rence dans un h\u00f4tel, une conversation dans un parc un peu plus loin et une autre dans un appartement \u00e0 l&#8217;autre bout de la ville. S&#8217;il s&#8217;av\u00e8re que, dans l&#8217;une de ces lignes de temps, un nouveau concept \u00e9merge, ce qui peut \u00eatre vu comme une compr\u00e9hension nouvelle soutenue par un nouvel agencement d&#8217;id\u00e9es et qui se traduit ph\u00e9nom\u00e9nalement par une s\u00e9quence de phrases \u00e9chang\u00e9es par des interlocuteurs, l&#8217;entit\u00e9 pourrait alors d\u00e9tecter son originalit\u00e9, par rapport \u00e0 ses connaissances ant\u00e9rieures, mais aussi ensuite monitorer quand ce concept se reproduit, \u00e9merge de nouveau, dans le futur relativement \u00e0 ce point temporel et le long des lignes temporelles qu&#8217;elle peut percevoir.<\/p>\n\n\n\n<p>Comme il souvent suppos\u00e9 que ces lignes temporelles ont un terreau commun et qu&#8217;un nouveau concept \u00e9merge \u00e0 de multiples endroits dans une temporalit\u00e9 r\u00e9duite. Une telle entit\u00e9 pourrait d\u00e9tecter et peut \u00eatre m\u00eame circonscrire le ph\u00e9nom\u00e8ne&#8230;<\/p>\n","protected":false},"excerpt":{"rendered":"<p>Pour prolonger une id\u00e9e issue d&#8217;une conversation entre Bernardo Kastrup, Frederico Faggin et d&#8217;autres [Adventures in Awareness]. Envisageons une entit\u00e9 dou\u00e9e d&#8217;une certaine forme d&#8217;ubiquit\u00e9 et de capacit\u00e9 \u00e0 voyager dans le temps : sa m\u00e9moire n&#8217;a pas \u00e9t\u00e9 mise en contact avec des contenus &hellip; <\/p>\n","protected":false},"author":1,"featured_media":0,"comment_status":"open","ping_status":"open","sticky":false,"template":"","format":"standard","meta":{"footnotes":""},"categories":[8],"tags":[],"class_list":["post-200","post","type-post","status-publish","format-standard","hentry","category-blog"],"_links":{"self":[{"href":"https:\/\/boissenin.net\/index.php\/wp-json\/wp\/v2\/posts\/200","targetHints":{"allow":["GET"]}}],"collection":[{"href":"https:\/\/boissenin.net\/index.php\/wp-json\/wp\/v2\/posts"}],"about":[{"href":"https:\/\/boissenin.net\/index.php\/wp-json\/wp\/v2\/types\/post"}],"author":[{"embeddable":true,"href":"https:\/\/boissenin.net\/index.php\/wp-json\/wp\/v2\/users\/1"}],"replies":[{"embeddable":true,"href":"https:\/\/boissenin.net\/index.php\/wp-json\/wp\/v2\/comments?post=200"}],"version-history":[{"count":1,"href":"https:\/\/boissenin.net\/index.php\/wp-json\/wp\/v2\/posts\/200\/revisions"}],"predecessor-version":[{"id":201,"href":"https:\/\/boissenin.net\/index.php\/wp-json\/wp\/v2\/posts\/200\/revisions\/201"}],"wp:attachment":[{"href":"https:\/\/boissenin.net\/index.php\/wp-json\/wp\/v2\/media?parent=200"}],"wp:term":[{"taxonomy":"category","embeddable":true,"href":"https:\/\/boissenin.net\/index.php\/wp-json\/wp\/v2\/categories?post=200"},{"taxonomy":"post_tag","embeddable":true,"href":"https:\/\/boissenin.net\/index.php\/wp-json\/wp\/v2\/tags?post=200"}],"curies":[{"name":"wp","href":"https:\/\/api.w.org\/{rel}","templated":true}]}}